{"id":2107,"global_id":"scorzaicj.org?id=2107","global_id_lineage":["scorzaicj.org?id=2107"],"author":"2","status":"publish","date":"2022-02-22 10:49:35","date_utc":"2022-02-22 16:49:35","modified":"2022-02-22 10:49:35","modified_utc":"2022-02-22 16:49:35","url":"https:\/\/scorzaicj.org\/?tribe_events=foro-perdida-auditiva-reto-actual-en-mexico","rest_url":"https:\/\/scorzaicj.org\/index.php?rest_route=\/tribe\/events\/v1\/events\/2107","title":"Foro &#8211; P\u00e9rdida Auditiva: reto actual en M\u00e9xico","description":"<p>Hoy a las 11:00 se transmitir\u00e1 en vivo a trav\u00e9s de Facebook un foro sobre la p\u00e9rdida auditiva y el reto que supone en M\u00e9xico.<\/p>\n<p>TAV Marisol Gonz\u00e1lez<\/p>\n<p>Presenta: Jos\u00e9 Cumplido<\/p>","excerpt":"","slug":"foro-perdida-auditiva-reto-actual-en-mexico","image":false,"all_day":false,"start_date":"2022-02-22 11:00:00","start_date_details":{"year":"2022","month":"02","day":"22","hour":"11","minutes":"00","seconds":"00"},"end_date":"2022-02-22 13:00:00","end_date_details":{"year":"2022","month":"02","day":"22","hour":"13","minutes":"00","seconds":"00"},"utc_start_date":"2022-02-22 17:00:00","utc_start_date_details":{"year":"2022","month":"02","day":"22","hour":"17","minutes":"00","seconds":"00"},"utc_end_date":"2022-02-22 19:00:00","utc_end_date_details":{"year":"2022","month":"02","day":"22","hour":"19","minutes":"00","seconds":"00"},"timezone":"UTC-6","timezone_abbr":"UTC-6","cost":"","cost_details":{"currency_symbol":"","currency_code":"","currency_position":"prefix","values":[]},"website":"https:\/\/www.facebook.com\/ScorzaICJ\/","show_map":false,"show_map_link":false,"hide_from_listings":false,"sticky":false,"featured":false,"categories":[],"tags":[{"name":"2a SNSA","slug":"2a-snsa","term_group":0,"term_taxonomy_id":20,"taxonomy":"post_tag","description":"","parent":0,"count":3,"filter":"raw","id":20,"urls":{"self":"https:\/\/scorzaicj.org\/index.php?rest_route=\/tribe\/events\/v1\/tags\/20","collection":"https:\/\/scorzaicj.org\/index.php?rest_route=\/tribe\/events\/v1\/tags"}},{"name":"Foro","slug":"foro","term_group":0,"term_taxonomy_id":31,"taxonomy":"post_tag","description":"","parent":0,"count":1,"filter":"raw","id":31,"urls":{"self":"https:\/\/scorzaicj.org\/index.php?rest_route=\/tribe\/events\/v1\/tags\/31","collection":"https:\/\/scorzaicj.org\/index.php?rest_route=\/tribe\/events\/v1\/tags"}},{"name":"Juntos","slug":"juntos","term_group":0,"term_taxonomy_id":17,"taxonomy":"post_tag","description":"","parent":0,"count":58,"filter":"raw","id":17,"urls":{"self":"https:\/\/scorzaicj.org\/index.php?rest_route=\/tribe\/events\/v1\/tags\/17","collection":"https:\/\/scorzaicj.org\/index.php?rest_route=\/tribe\/events\/v1\/tags"}},{"name":"Semana Nacional de la Salud Auditiva","slug":"semana-nacional-de-la-salud-auditiva","term_group":0,"term_taxonomy_id":18,"taxonomy":"post_tag","description":"","parent":0,"count":59,"filter":"raw","id":18,"urls":{"self":"https:\/\/scorzaicj.org\/index.php?rest_route=\/tribe\/events\/v1\/tags\/18","collection":"https:\/\/scorzaicj.org\/index.php?rest_route=\/tribe\/events\/v1\/tags"}}],"venue":[],"organizer":[],"custom_fields":[],"json_ld":{"@context":"http:\/\/schema.org","@type":"Event","name":"Foro &#8211; P\u00e9rdida Auditiva: reto actual en M\u00e9xico","description":"&lt;p&gt;Hoy a las 11:00 se transmitir\u00e1 en vivo a trav\u00e9s de Facebook un foro sobre la p\u00e9rdida auditiva y el reto que [&hellip;]&lt;\/p&gt;\\n","url":"https:\/\/scorzaicj.org\/?tribe_events=foro-perdida-auditiva-reto-actual-en-mexico","eventAttendanceMode":"https:\/\/schema.org\/OfflineEventAttendanceMode","eventStatus":"https:\/\/schema.org\/EventScheduled","startDate":"2022-02-22T11:00:00-06:00","endDate":"2022-02-22T13:00:00-06:00","performer":"Organization"}}