{"id":2020,"global_id":"scorzaicj.org?id=2020","global_id_lineage":["scorzaicj.org?id=2020"],"author":"2","status":"publish","date":"2022-02-21 04:41:01","date_utc":"2022-02-21 10:41:01","modified":"2022-02-21 04:41:01","modified_utc":"2022-02-21 10:41:01","url":"https:\/\/scorzaicj.org\/?tribe_events=inauguracion-de-la-2a-semana-nacional-de-la-salud-auditiva","rest_url":"https:\/\/scorzaicj.org\/index.php?rest_route=\/tribe\/events\/v1\/events\/2020","title":"Inauguraci\u00f3n de la 2a Semana Nacional de la Salud Auditiva","description":"<p>La inauguraci\u00f3n del primer d\u00eda de la segunda Semana Nacional de la Salud Auditiva en M\u00e9xico.<\/p>\n<p>La semana va desde el 21 hasta el 25 de febrero de 2022.<\/p>\n<p>A partir de las 10:00, comienza la inauguraci\u00f3n. Se tendr\u00e1n a invitados como Scorza y la Secretar\u00eda de Salud<\/p>","excerpt":"","slug":"inauguracion-de-la-2a-semana-nacional-de-la-salud-auditiva","image":{"url":"https:\/\/scorzaicj.org\/wp-content\/uploads\/2022\/02\/Inauguraci\u00f3n-Facebook.png","id":2095,"extension":"png","width":500,"height":500,"sizes":{"medium":{"width":300,"height":300,"mime-type":"image\/png","url":"https:\/\/scorzaicj.org\/wp-content\/uploads\/2022\/02\/Inauguraci\u00f3n-Facebook-300x300.png"},"thumbnail":{"width":150,"height":150,"mime-type":"image\/png","url":"https:\/\/scorzaicj.org\/wp-content\/uploads\/2022\/02\/Inauguraci\u00f3n-Facebook-150x150.png"},"sydney-medium-thumb":{"width":500,"height":400,"mime-type":"image\/png","url":"https:\/\/scorzaicj.org\/wp-content\/uploads\/2022\/02\/Inauguraci\u00f3n-Facebook-500x400.png"},"sydney-small-thumb":{"width":230,"height":230,"mime-type":"image\/png","url":"https:\/\/scorzaicj.org\/wp-content\/uploads\/2022\/02\/Inauguraci\u00f3n-Facebook-230x230.png"},"sydney-service-thumb":{"width":350,"height":350,"mime-type":"image\/png","url":"https:\/\/scorzaicj.org\/wp-content\/uploads\/2022\/02\/Inauguraci\u00f3n-Facebook-350x350.png"},"sydney-mas-thumb":{"width":480,"height":480,"mime-type":"image\/png","url":"https:\/\/scorzaicj.org\/wp-content\/uploads\/2022\/02\/Inauguraci\u00f3n-Facebook-480x480.png"}}},"all_day":false,"start_date":"2022-02-21 09:00:00","start_date_details":{"year":"2022","month":"02","day":"21","hour":"09","minutes":"00","seconds":"00"},"end_date":"2022-02-21 12:00:00","end_date_details":{"year":"2022","month":"02","day":"21","hour":"12","minutes":"00","seconds":"00"},"utc_start_date":"2022-02-21 15:00:00","utc_start_date_details":{"year":"2022","month":"02","day":"21","hour":"15","minutes":"00","seconds":"00"},"utc_end_date":"2022-02-21 18:00:00","utc_end_date_details":{"year":"2022","month":"02","day":"21","hour":"18","minutes":"00","seconds":"00"},"timezone":"UTC-6","timezone_abbr":"UTC-6","cost":"","cost_details":{"currency_symbol":"","currency_code":"","currency_position":"prefix","values":[]},"website":"https:\/\/www.facebook.com\/ScorzaICJ\/","show_map":false,"show_map_link":false,"hide_from_listings":false,"sticky":false,"featured":false,"categories":[],"tags":[{"name":"2a SNSA","slug":"2a-snsa","term_group":0,"term_taxonomy_id":20,"taxonomy":"post_tag","description":"","parent":0,"count":3,"filter":"raw","id":20,"urls":{"self":"https:\/\/scorzaicj.org\/index.php?rest_route=\/tribe\/events\/v1\/tags\/20","collection":"https:\/\/scorzaicj.org\/index.php?rest_route=\/tribe\/events\/v1\/tags"}},{"name":"Semana Nacional de la Salud Auditiva","slug":"semana-nacional-de-la-salud-auditiva","term_group":0,"term_taxonomy_id":18,"taxonomy":"post_tag","description":"","parent":0,"count":59,"filter":"raw","id":18,"urls":{"self":"https:\/\/scorzaicj.org\/index.php?rest_route=\/tribe\/events\/v1\/tags\/18","collection":"https:\/\/scorzaicj.org\/index.php?rest_route=\/tribe\/events\/v1\/tags"}}],"venue":[],"organizer":[],"custom_fields":[],"json_ld":{"@context":"http:\/\/schema.org","@type":"Event","name":"Inauguraci\u00f3n de la 2a Semana Nacional de la Salud Auditiva","description":"&lt;p&gt;La inauguraci\u00f3n del primer d\u00eda de la segunda Semana Nacional de la Salud Auditiva en M\u00e9xico. La semana va desde el 21 [&hellip;]&lt;\/p&gt;\\n","image":"https:\/\/scorzaicj.org\/wp-content\/uploads\/2022\/02\/Inauguraci\u00f3n-Facebook.png","url":"https:\/\/scorzaicj.org\/?tribe_events=inauguracion-de-la-2a-semana-nacional-de-la-salud-auditiva","eventAttendanceMode":"https:\/\/schema.org\/OfflineEventAttendanceMode","eventStatus":"https:\/\/schema.org\/EventScheduled","startDate":"2022-02-21T09:00:00-06:00","endDate":"2022-02-21T12:00:00-06:00","performer":"Organization"}}